{"id":6467,"date":"2020-09-30T15:01:25","date_gmt":"2020-09-30T14:01:25","guid":{"rendered":"https:\/\/facultad.equiposocial.com\/?p=6467"},"modified":"2020-09-30T18:10:49","modified_gmt":"2020-09-30T17:10:49","slug":"inauguracion-oficial-del-curso-academico-2020-21","status":"publish","type":"post","link":"https:\/\/facultad.equiposocial.com\/?p=6467","title":{"rendered":"Inauguraci\u00f3n oficial del curso acad\u00e9mico 2020-\u00ad21"},"content":{"rendered":"<p>La Facultad de Comercio de la Universidad de Valladolid celebra, este Jueves 1 de Octubre, la inauguraci\u00f3n oficial del curso acad\u00e9mico 2020-\u00ad21, con una lecci\u00f3n a cargo del Delegado de GADISA en Castilla y Le\u00f3n, Jos\u00e9 Daniel Posadas.<\/p>\n<p>El acto estar\u00e1 presidido por el Rector de la Universidad de Valladolid, Antonio Largo Cabrerizo. Durante la inauguraci\u00f3n se realizar\u00e1 un reconocimiento a los estudiantes con los mejores expedientes del curso 2019\/20<\/p>\n<p>AGENDA<\/p>\n<p>INAUGURACI\u00d3N<br \/>\nAntonio Largo Cabrerizo<br \/>\nRector de la Universidad de Valladolid<\/p>\n<p>Luis del Hoyo G\u00f3mez.<br \/>\nDirector General de Comercio y Consumo. Junta de Castilla y Le\u00f3n.<\/p>\n<p>LECCI\u00d3N INAUGURAL<br \/>\nJos\u00e9 Daniel Posadas.<br \/>\nDelegado de GADISA en Castilla y Le\u00f3n.<\/p>\n<p>ENTREGA DE RECONOMIENTO A LOS ALUMNOS CON MEJORES EXPEDIENTES<\/p>\n<p>CLAUSURA<br \/>\nJos\u00e9 Antonio Orejas.<br \/>\nDecano de la Facultad de Ciencias del Trabajo. Universidad de Valladolid, Campus de Palencia.<\/p>\n","protected":false},"excerpt":{"rendered":"<p>La Facultad de Comercio de la Universidad de Valladolid celebra, este Jueves 1 de Octubre, la inauguraci\u00f3n oficial del curso acad\u00e9mico 2020-\u00ad21, con una lecci\u00f3n a cargo del Delegado de GADISA en Castilla y Le\u00f3n, Jos\u00e9 Daniel Posadas. El acto estar\u00e1 presidido por el Rector de la Universidad de Valladolid, Antonio Largo Cabrerizo. Durante la<\/p>\n","protected":false},"author":3,"featured_media":6468,"comment_status":"closed","ping_status":"open","sticky":false,"template":"","format":"standard","meta":{"_expiration-date-status":"saved","_expiration-date":0,"_expiration-date-type":"","_expiration-date-categories":[],"_expiration-date-options":[]},"categories":[208],"tags":[],"_links":{"self":[{"href":"https:\/\/facultad.equiposocial.com\/index.php?rest_route=\/wp\/v2\/posts\/6467"}],"collection":[{"href":"https:\/\/facultad.equiposocial.com\/index.php?rest_route=\/wp\/v2\/posts"}],"about":[{"href":"https:\/\/facultad.equiposocial.com\/index.php?rest_route=\/wp\/v2\/types\/post"}],"author":[{"embeddable":true,"href":"https:\/\/facultad.equiposocial.com\/index.php?rest_route=\/wp\/v2\/users\/3"}],"replies":[{"embeddable":true,"href":"https:\/\/facultad.equiposocial.com\/index.php?rest_route=%2Fwp%2Fv2%2Fcomments&post=6467"}],"version-history":[{"count":2,"href":"https:\/\/facultad.equiposocial.com\/index.php?rest_route=\/wp\/v2\/posts\/6467\/revisions"}],"predecessor-version":[{"id":6470,"href":"https:\/\/facultad.equiposocial.com\/index.php?rest_route=\/wp\/v2\/posts\/6467\/revisions\/6470"}],"wp:featuredmedia":[{"embeddable":true,"href":"https:\/\/facultad.equiposocial.com\/index.php?rest_route=\/wp\/v2\/media\/6468"}],"wp:attachment":[{"href":"https:\/\/facultad.equiposocial.com\/index.php?rest_route=%2Fwp%2Fv2%2Fmedia&parent=6467"}],"wp:term":[{"taxonomy":"category","embeddable":true,"href":"https:\/\/facultad.equiposocial.com\/index.php?rest_route=%2Fwp%2Fv2%2Fcategories&post=6467"},{"taxonomy":"post_tag","embeddable":true,"href":"https:\/\/facultad.equiposocial.com\/index.php?rest_route=%2Fwp%2Fv2%2Ftags&post=6467"}],"curies":[{"name":"wp","href":"https:\/\/api.w.org\/{rel}","templated":true}]}}