{"id":6165,"date":"2020-02-06T19:50:18","date_gmt":"2020-02-06T18:50:18","guid":{"rendered":"https:\/\/facultad.equiposocial.com\/?p=6165"},"modified":"2020-02-08T19:27:08","modified_gmt":"2020-02-08T18:27:08","slug":"fallo-de-los-premios-del-36-certamen-empresario","status":"publish","type":"post","link":"https:\/\/facultad.equiposocial.com\/?p=6165","title":{"rendered":"Presentaci\u00f3n de premiados 36 Certamen Empresario del A\u00f1o"},"content":{"rendered":"[vc_row][vc_column][vc_column_text]Estimados estudiantes,<br \/>\nEl pr\u00f3ximo jueves, d\u00eda 13 de febrero a las 12:00h se celebrar\u00e1 en el Aula Magna de nuestra Facultad la presentaci\u00f3n de los empresarios premiados en la 36 edici\u00f3n del Certamen Empresario del a\u00f1o<br \/>\nNos gustar\u00eda mucho invitaros a este acto. Se trata de una mesa redonda en la que los empresarios premiados se presentan, exponen su labor y atienden todas las preguntas que se les quieran plantear.<br \/>\nEntre los asistentes al acto se sortear\u00e1n 2 entradas dobles para asistir a la Cena Gala entrega de premios que tendr\u00e1 lugar el 12 de marzo, jueves, en el Palacio Condes de Gamazo (Casino de Boecillo).<br \/>\nEl elenco de premiados en esta edici\u00f3n es el siguiente:<\/p>\n<p>EMPRESARIO DE PLATA: Grupo HELIOS Rafael P\u00e9rez Gonz\u00e1lez.<br \/>\nPREMIO ESPECIAL Industrias MAXI Jos\u00e9 F\u00e9lix Ovejero y \u00c1ngel Garc\u00eda Montalvo<br \/>\nAGROALIMENTARIO Cerveza Milana Ismael y Marcos G\u00f3mez de Pablo<br \/>\nCOMERCIO Se\u00f1orita Malauva Gustavo y Virginia Calvo D\u00edez<br \/>\nH\u00c1BITAT Lino Alonso Cocinas Diego Alonso Alonso<br \/>\nHOSTELER\u00cdA Villa Paramesa Hermanos Castrodeza Benito<br \/>\nINDUSTRIA Industrial Go\u00f1abe S.L.U. Carlos Bustos Verdejo<br \/>\nSERVICIOS Talleres y Gr\u00faas \u00c1vila Beatriz y Vanesa Rodr\u00edguez Alba, Luc\u00eda Alba Gonz\u00e1lez<br \/>\nEMPRESARIO JOVEN iVisual David Lorenzo Arribas<br \/>\nTERCER SECTOR. C\u00e1ritas Diocesana de Valladolid<\/p>\n<p>Ser\u00e9is todos muy bienvenidos!<br \/>\nUn cordial saludo<br \/>\nComisi\u00f3n organizadora 36 Certamen Empresario del A\u00f1o[\/vc_column_text][\/vc_column][\/vc_row]\n","protected":false},"excerpt":{"rendered":"[vc_row][vc_column][vc_column_text]Estimados estudiantes, El pr\u00f3ximo jueves, d\u00eda 13 de febrero a las 12:00h se celebrar\u00e1 en el Aula Magna de nuestra Facultad la presentaci\u00f3n de los empresarios premiados en la 36 edici\u00f3n del Certamen Empresario del a\u00f1o Nos gustar\u00eda mucho invitaros a este acto. Se trata de una mesa redonda en la que los empresarios premiados<\/p>\n","protected":false},"author":3,"featured_media":6202,"comment_status":"closed","ping_status":"open","sticky":false,"template":"","format":"standard","meta":{"_expiration-date-status":"saved","_expiration-date":0,"_expiration-date-type":"","_expiration-date-categories":[],"_expiration-date-options":[]},"categories":[204],"tags":[],"_links":{"self":[{"href":"https:\/\/facultad.equiposocial.com\/index.php?rest_route=\/wp\/v2\/posts\/6165"}],"collection":[{"href":"https:\/\/facultad.equiposocial.com\/index.php?rest_route=\/wp\/v2\/posts"}],"about":[{"href":"https:\/\/facultad.equiposocial.com\/index.php?rest_route=\/wp\/v2\/types\/post"}],"author":[{"embeddable":true,"href":"https:\/\/facultad.equiposocial.com\/index.php?rest_route=\/wp\/v2\/users\/3"}],"replies":[{"embeddable":true,"href":"https:\/\/facultad.equiposocial.com\/index.php?rest_route=%2Fwp%2Fv2%2Fcomments&post=6165"}],"version-history":[{"count":3,"href":"https:\/\/facultad.equiposocial.com\/index.php?rest_route=\/wp\/v2\/posts\/6165\/revisions"}],"predecessor-version":[{"id":6198,"href":"https:\/\/facultad.equiposocial.com\/index.php?rest_route=\/wp\/v2\/posts\/6165\/revisions\/6198"}],"wp:featuredmedia":[{"embeddable":true,"href":"https:\/\/facultad.equiposocial.com\/index.php?rest_route=\/wp\/v2\/media\/6202"}],"wp:attachment":[{"href":"https:\/\/facultad.equiposocial.com\/index.php?rest_route=%2Fwp%2Fv2%2Fmedia&parent=6165"}],"wp:term":[{"taxonomy":"category","embeddable":true,"href":"https:\/\/facultad.equiposocial.com\/index.php?rest_route=%2Fwp%2Fv2%2Fcategories&post=6165"},{"taxonomy":"post_tag","embeddable":true,"href":"https:\/\/facultad.equiposocial.com\/index.php?rest_route=%2Fwp%2Fv2%2Ftags&post=6165"}],"curies":[{"name":"wp","href":"https:\/\/api.w.org\/{rel}","templated":true}]}}