{"id":5665,"date":"2019-03-18T10:14:38","date_gmt":"2019-03-18T09:14:38","guid":{"rendered":"https:\/\/facultad.equiposocial.com\/?p=5665"},"modified":"2019-03-18T10:14:38","modified_gmt":"2019-03-18T09:14:38","slug":"abierto-plazo-solicitud-7a-convocatoria-becas-eurolingua-2019","status":"publish","type":"post","link":"https:\/\/facultad.equiposocial.com\/?p=5665","title":{"rendered":"ABIERTO PLAZO SOLICITUD  7\u00aa CONVOCATORIA BECAS EUROLINGUA 2019"},"content":{"rendered":"[vc_row][vc_column][vc_column_text]Se informa de la apertura de la septima convocatoria de Becas Eurolingua para la realizaci\u00f3n de Cursos de Ingl\u00e9s en Irlanda de dos semanas de duraci\u00f3n durante el verano en un programa de inmersi\u00f3n todo incluido dirigido a estudiantes con una edad minima de 14 a\u00f1os.<\/p>\n<p>Pueden consultar toda la informaci\u00f3n de la convocatoria pinchando en el bot\u00f3n inferior:[\/vc_column_text]<div class=\" ubtn-ctn-center \"><a class=\"ubtn-link ult-adjust-bottom-margin ubtn-center ubtn-normal \" href=\"http:\/\/emailmarketing.profesionalhosting.com\/url\/ver\/31443182\/682366\/rst7nASLFvA7H0pH2klDhVei1qZF30lFEBMGG\" target=\"_blank\" rel=\"noopener\" ><button type=\"button\" id=\"ubtn-7165\"  class=\"ubtn ult-adjust-bottom-margin ult-responsive ubtn-normal ubtn-no-hover-bg  none  ubtn-center   tooltip-69f474c545e76\"  data-hover=\"\" data-border-color=\"\" data-bg=\"#dd9933\" data-hover-bg=\"\" data-border-hover=\"\" data-shadow-hover=\"\" data-shadow-click=\"none\" data-shadow=\"\" data-shd-shadow=\"\"  data-ultimate-target='#ubtn-7165'  data-responsive-json-new='{\"font-size\":\"\",\"line-height\":\"\"}'  style=\"font-weight:normal;border:none;background: #dd9933;color: #000000;\"><span class=\"ubtn-hover\" style=\"background-color:\"><\/span><span class=\"ubtn-data ubtn-text \" >VER INFORMACI\u00d3N<\/span><\/button><\/a><\/div>[vc_column_text]El programa est\u00e1 becado al 100% e incluye:<\/p>\n<ul>\n<li>Recogida en el aeropuerto y traslado al alojamiento.<\/li>\n<li>Alojamiento en familia o residencia\/apartamentos.<\/li>\n<li>Prueba de nivel.<\/li>\n<li>Programa de 20 clases de ingl\u00e9s semanales.<\/li>\n<li>Material did\u00e1ctico.<\/li>\n<li>Programa de actividades culturales visitas y excursiones.<\/li>\n<li>Certificado de aprovechamiento del curso expedido por el colegio.<\/li>\n<li>Supervisi\u00f3n por Monitores de Eurolingua en destino.<\/li>\n<li>Tel\u00e9fonos de emergencia 24 horas.<\/li>\n<li>No incluido, pero gestionable gratuitamente, el billete de avi\u00f3n.<\/li>\n<\/ul>\n[\/vc_column_text][\/vc_column][\/vc_row]\n","protected":false},"excerpt":{"rendered":"[vc_row][vc_column][vc_column_text]Se informa de la apertura de la septima convocatoria de Becas Eurolingua para la realizaci\u00f3n de Cursos de Ingl\u00e9s en Irlanda de dos semanas de duraci\u00f3n durante el verano en un programa de inmersi\u00f3n todo incluido dirigido a estudiantes con una edad minima de 14 a\u00f1os. Pueden consultar toda la informaci\u00f3n de la convocatoria pinchando<\/p>\n","protected":false},"author":3,"featured_media":5666,"comment_status":"closed","ping_status":"open","sticky":false,"template":"","format":"standard","meta":{"_expiration-date-status":"saved","_expiration-date":0,"_expiration-date-type":"","_expiration-date-categories":[],"_expiration-date-options":[]},"categories":[202],"tags":[],"_links":{"self":[{"href":"https:\/\/facultad.equiposocial.com\/index.php?rest_route=\/wp\/v2\/posts\/5665"}],"collection":[{"href":"https:\/\/facultad.equiposocial.com\/index.php?rest_route=\/wp\/v2\/posts"}],"about":[{"href":"https:\/\/facultad.equiposocial.com\/index.php?rest_route=\/wp\/v2\/types\/post"}],"author":[{"embeddable":true,"href":"https:\/\/facultad.equiposocial.com\/index.php?rest_route=\/wp\/v2\/users\/3"}],"replies":[{"embeddable":true,"href":"https:\/\/facultad.equiposocial.com\/index.php?rest_route=%2Fwp%2Fv2%2Fcomments&post=5665"}],"version-history":[{"count":1,"href":"https:\/\/facultad.equiposocial.com\/index.php?rest_route=\/wp\/v2\/posts\/5665\/revisions"}],"predecessor-version":[{"id":5667,"href":"https:\/\/facultad.equiposocial.com\/index.php?rest_route=\/wp\/v2\/posts\/5665\/revisions\/5667"}],"wp:featuredmedia":[{"embeddable":true,"href":"https:\/\/facultad.equiposocial.com\/index.php?rest_route=\/wp\/v2\/media\/5666"}],"wp:attachment":[{"href":"https:\/\/facultad.equiposocial.com\/index.php?rest_route=%2Fwp%2Fv2%2Fmedia&parent=5665"}],"wp:term":[{"taxonomy":"category","embeddable":true,"href":"https:\/\/facultad.equiposocial.com\/index.php?rest_route=%2Fwp%2Fv2%2Fcategories&post=5665"},{"taxonomy":"post_tag","embeddable":true,"href":"https:\/\/facultad.equiposocial.com\/index.php?rest_route=%2Fwp%2Fv2%2Ftags&post=5665"}],"curies":[{"name":"wp","href":"https:\/\/api.w.org\/{rel}","templated":true}]}}